{"id":10830,"date":"2026-03-17T08:34:00","date_gmt":"2026-03-17T08:34:00","guid":{"rendered":"https:\/\/fss.cat\/?p=10830"},"modified":"2026-03-18T09:35:02","modified_gmt":"2026-03-18T09:35:02","slug":"100-anys-de-la-sra-rocaspana-resident","status":"publish","type":"post","link":"https:\/\/fss.cat\/es\/100-anys-de-la-sra-rocaspana-resident\/","title":{"rendered":"100 anys de la Sra. Rocaspana, resident"},"content":{"rendered":"\n<div class=\"wp-block-media-text is-stacked-on-mobile\" style=\"grid-template-columns:31% auto\"><figure class=\"wp-block-media-text__media\"><img decoding=\"async\" src=\"https:\/\/fss.cat\/wp-content\/uploads\/2026\/03\/IMG-20260317-WA0034-1-743x1024.jpg\" alt=\"\" class=\"wp-image-10841 size-full\"\/><\/figure><div class=\"wp-block-media-text__content\">\n<p>La Sra. Rosa Rocaspana ha complert cent anys el dia 16 de mar\u00e7 i ho hem celebrat al centre acompanyada de la seva fam\u00edlia i dels companys i companyes de la fundaci\u00f3.<\/p>\n\n\n\n<p><\/p>\n\n\n\n<p>La Rosa, nascuda a Panelles, fa vint anys que \u00e9s calderina. Actualment viu a la resid\u00e8ncia Santa Susanna i, anteriorment, havia sigut usu\u00e0ria del centre de dia.<\/p>\n<\/div><\/div>\n\n\n\n<div class=\"wp-block-media-text has-media-on-the-right is-stacked-on-mobile\" style=\"grid-template-columns:auto 36%\"><div class=\"wp-block-media-text__content\">\n<p>Al mat\u00ed ha tingut lloc la visita de l&#8217;Isidre Pineda, alcalde de Caldes de Montbui i president de la Fundaci\u00f3 Santa Susanna.<\/p>\n\n\n\n<p>I s&#8217;han realitzat diferents balls i danses al Punt de trobada per celebrar l&#8217;aniversari amb les persones residents que l&#8217;han volgut acompanyar.<\/p>\n<\/div><figure class=\"wp-block-media-text__media\"><img decoding=\"async\" src=\"https:\/\/fss.cat\/wp-content\/uploads\/2026\/03\/IMG-20260317-WA0012-1024x835.jpg\" alt=\"\" class=\"wp-image-10834 size-full\"\/><\/figure><\/div>\n\n\n\n<div class=\"wp-block-media-text is-stacked-on-mobile\"><figure class=\"wp-block-media-text__media\"><img decoding=\"async\" src=\"https:\/\/fss.cat\/wp-content\/uploads\/2026\/03\/r-3-1-1024x768.jpg\" alt=\"\" class=\"wp-image-10839 size-full\"\/><\/figure><div class=\"wp-block-media-text__content\">\n<p>A la tarda s&#8217;ha esdevingut la visita de la Sra. Ana Castellvi M\u00e9ndez, directora dels Serveis Territorials d&#8217;Agricultura, Ramaderia, Pesca i Alimentaci\u00f3 a Barcelona; qui li ha fet entrega de la medalla centen\u00e0ria commemorativa del Departament de Drets Socials i Inclusi\u00f3.<\/p>\n<\/div><\/div>\n","protected":false},"excerpt":{"rendered":"<p>La Sra. Rosa Rocaspana ha complert cent anys el dia 16 de mar\u00e7 i ho hem celebrat al centre acompanyada de la seva fam\u00edlia i dels companys i companyes de la fundaci\u00f3. La Rosa, nascuda a Panelles, fa vint anys que \u00e9s calderina. Actualment viu a la resid\u00e8ncia Santa Susanna i, anteriorment, havia sigut usu\u00e0ria [&hellip;]<\/p>\n","protected":false},"author":5,"featured_media":10832,"comment_status":"closed","ping_status":"closed","sticky":false,"template":"","format":"standard","meta":{"_acf_changed":false,"footnotes":""},"categories":[26,1],"tags":[],"class_list":["post-10830","post","type-post","status-publish","format-standard","has-post-thumbnail","hentry","category-atencio-a-lenvelliment","category-fundacio-santa-susanna"],"acf":[],"_links":{"self":[{"href":"https:\/\/fss.cat\/es\/wp-json\/wp\/v2\/posts\/10830","targetHints":{"allow":["GET"]}}],"collection":[{"href":"https:\/\/fss.cat\/es\/wp-json\/wp\/v2\/posts"}],"about":[{"href":"https:\/\/fss.cat\/es\/wp-json\/wp\/v2\/types\/post"}],"author":[{"embeddable":true,"href":"https:\/\/fss.cat\/es\/wp-json\/wp\/v2\/users\/5"}],"replies":[{"embeddable":true,"href":"https:\/\/fss.cat\/es\/wp-json\/wp\/v2\/comments?post=10830"}],"version-history":[{"count":4,"href":"https:\/\/fss.cat\/es\/wp-json\/wp\/v2\/posts\/10830\/revisions"}],"predecessor-version":[{"id":10844,"href":"https:\/\/fss.cat\/es\/wp-json\/wp\/v2\/posts\/10830\/revisions\/10844"}],"wp:featuredmedia":[{"embeddable":true,"href":"https:\/\/fss.cat\/es\/wp-json\/wp\/v2\/media\/10832"}],"wp:attachment":[{"href":"https:\/\/fss.cat\/es\/wp-json\/wp\/v2\/media?parent=10830"}],"wp:term":[{"taxonomy":"category","embeddable":true,"href":"https:\/\/fss.cat\/es\/wp-json\/wp\/v2\/categories?post=10830"},{"taxonomy":"post_tag","embeddable":true,"href":"https:\/\/fss.cat\/es\/wp-json\/wp\/v2\/tags?post=10830"}],"curies":[{"name":"wp","href":"https:\/\/api.w.org\/{rel}","templated":true}]}}