{"id":10093,"date":"2025-10-30T09:15:00","date_gmt":"2025-10-30T09:15:00","guid":{"rendered":"https:\/\/fss.cat\/?p=10093"},"modified":"2026-03-02T15:22:33","modified_gmt":"2026-03-02T15:22:33","slug":"primera-accio-per-un-espai-verd","status":"publish","type":"post","link":"https:\/\/fss.cat\/es\/primera-accio-per-un-espai-verd\/","title":{"rendered":"Primera acci\u00f3 per un espai verd"},"content":{"rendered":"\n<p>S&#8217;han realitzat moviments de terra a la parcel\u00b7la del carrer Font i Boet, 12.<\/p>\n\n\n\n<p>L&#8217;objectiu \u00e9s la recuperaci\u00f3 d&#8217;un espai verd, accessible i segur, per contribuir al benestar de les persones usu\u00e0ries i les seves fam\u00edlies, i obrir-lo a tota la comunitat de Santa Susanna. L&#8217;acc\u00e9s a aquest espai es far\u00e0 mitjan\u00e7ant el t\u00fanel que hem activat darrerament i que tamb\u00e9 connecta l&#8217;edifici de la fundaci\u00f3 amb el nou tanatori.<\/p>\n\n\n\n<p>Una petita part d&#8217;aquest projecte es finan\u00e7ar\u00e0 amb el suport del Departament de Drets Socials i Inclusi\u00f3. Concretament, la Fundaci\u00f3 Santa Susanna ha rebut 5.736,81 \u20ac de la convocat\u00f2ria ordin\u00e0ria de subvencions de projectes i activitats per a entitats de l&#8217;\u00e0mbit de pol\u00edtiques socials del Departament de Drets Socials i Inclusi\u00f3 2025-2026.<\/p>\n\n\n\n<figure class=\"wp-block-image size-large is-resized\"><img fetchpriority=\"high\" decoding=\"async\" width=\"1024\" height=\"768\" src=\"https:\/\/fss.cat\/wp-content\/uploads\/2026\/02\/IMG_20251030_173948-1024x768.webp\" alt=\"\" class=\"wp-image-10095\" style=\"width:423px;height:auto\" srcset=\"https:\/\/fss.cat\/wp-content\/uploads\/2026\/02\/IMG_20251030_173948-1024x768.webp 1024w, https:\/\/fss.cat\/wp-content\/uploads\/2026\/02\/IMG_20251030_173948-300x225.webp 300w, https:\/\/fss.cat\/wp-content\/uploads\/2026\/02\/IMG_20251030_173948-768x576.webp 768w, https:\/\/fss.cat\/wp-content\/uploads\/2026\/02\/IMG_20251030_173948-1536x1152.webp 1536w, https:\/\/fss.cat\/wp-content\/uploads\/2026\/02\/IMG_20251030_173948-scaled.webp 1920w, https:\/\/fss.cat\/wp-content\/uploads\/2026\/02\/IMG_20251030_173948-600x450.webp 600w\" sizes=\"(max-width: 1024px) 100vw, 1024px\" \/><\/figure>\n\n\n\n<p>Amb el suport de:<\/p>\n\n\n\n<figure class=\"wp-block-image size-full is-resized\"><img decoding=\"async\" width=\"359\" height=\"168\" src=\"https:\/\/fss.cat\/wp-content\/uploads\/2026\/01\/drets_socials_v3.webp\" alt=\"\" class=\"wp-image-9846\" style=\"aspect-ratio:2.136996756344209;width:137px;height:auto\" srcset=\"https:\/\/fss.cat\/wp-content\/uploads\/2026\/01\/drets_socials_v3.webp 359w, https:\/\/fss.cat\/wp-content\/uploads\/2026\/01\/drets_socials_v3-300x140.webp 300w\" sizes=\"(max-width: 359px) 100vw, 359px\" \/><\/figure>\n\n\n\n<p><\/p>\n","protected":false},"excerpt":{"rendered":"<p>S&#8217;han realitzat moviments de terra a la parcel\u00b7la del carrer Font i Boet, 12. L&#8217;objectiu \u00e9s la recuperaci\u00f3 d&#8217;un espai verd, accessible i segur, per contribuir al benestar de les persones usu\u00e0ries i les seves fam\u00edlies, i obrir-lo a tota la comunitat de Santa Susanna. L&#8217;acc\u00e9s a aquest espai es far\u00e0 mitjan\u00e7ant el t\u00fanel que [&hellip;]<\/p>\n","protected":false},"author":5,"featured_media":10095,"comment_status":"closed","ping_status":"closed","sticky":false,"template":"","format":"standard","meta":{"_acf_changed":false,"footnotes":""},"categories":[1],"tags":[],"class_list":["post-10093","post","type-post","status-publish","format-standard","has-post-thumbnail","hentry","category-fundacio-santa-susanna"],"acf":[],"_links":{"self":[{"href":"https:\/\/fss.cat\/es\/wp-json\/wp\/v2\/posts\/10093","targetHints":{"allow":["GET"]}}],"collection":[{"href":"https:\/\/fss.cat\/es\/wp-json\/wp\/v2\/posts"}],"about":[{"href":"https:\/\/fss.cat\/es\/wp-json\/wp\/v2\/types\/post"}],"author":[{"embeddable":true,"href":"https:\/\/fss.cat\/es\/wp-json\/wp\/v2\/users\/5"}],"replies":[{"embeddable":true,"href":"https:\/\/fss.cat\/es\/wp-json\/wp\/v2\/comments?post=10093"}],"version-history":[{"count":0,"href":"https:\/\/fss.cat\/es\/wp-json\/wp\/v2\/posts\/10093\/revisions"}],"wp:featuredmedia":[{"embeddable":true,"href":"https:\/\/fss.cat\/es\/wp-json\/wp\/v2\/media\/10095"}],"wp:attachment":[{"href":"https:\/\/fss.cat\/es\/wp-json\/wp\/v2\/media?parent=10093"}],"wp:term":[{"taxonomy":"category","embeddable":true,"href":"https:\/\/fss.cat\/es\/wp-json\/wp\/v2\/categories?post=10093"},{"taxonomy":"post_tag","embeddable":true,"href":"https:\/\/fss.cat\/es\/wp-json\/wp\/v2\/tags?post=10093"}],"curies":[{"name":"wp","href":"https:\/\/api.w.org\/{rel}","templated":true}]}}